{"id":2673,"date":"2019-10-10T12:07:47","date_gmt":"2019-10-10T10:07:47","guid":{"rendered":"http:\/\/fuencactiva.org\/?p=2673"},"modified":"2020-12-27T18:56:35","modified_gmt":"2020-12-27T17:56:35","slug":"la-importancia-de-la-informacion","status":"publish","type":"post","link":"https:\/\/fuencactiva.org\/?p=2673","title":{"rendered":"II Jornada de Reflexi\u00f3n de las Mesas del Foro local"},"content":{"rendered":"\n<p class=\"has-medium-font-size\">El pr\u00f3ximo domingo 27 de octubre en horario de ma\u00f1ana, tendr\u00e1 lugar la segunda jornada de reflexi\u00f3n y proposici\u00f3n organizada por las personas, mesas y entidades que formamos parte del foro local del distrito.<\/p>\n\n\n\n<p class=\"has-medium-font-size\">En esta ocasi\u00f3n se trata de comenzar a dibujar los contenidos, formatos y estructuras posibles para el nuevo foro.<\/p>\n","protected":false},"excerpt":{"rendered":"<p>El pr\u00f3ximo domingo 27 de octubre en horario de ma\u00f1ana, tendr\u00e1 lugar la segunda jornada de reflexi\u00f3n y proposici\u00f3n organizada por las personas, mesas y entidades que formamos parte del foro local del distrito. En esta ocasi\u00f3n se trata de comenzar a dibujar los contenidos, formatos y estructuras posibles para el nuevo foro.<\/p>\n","protected":false},"author":5,"featured_media":3131,"comment_status":"closed","ping_status":"closed","sticky":false,"template":"","format":"standard","meta":{"jetpack_publicize_message":"","jetpack_is_tweetstorm":false,"jetpack_publicize_feature_enabled":true,"jetpack_social_post_already_shared":false,"jetpack_social_options":{"image_generator_settings":{"template":"highway","enabled":false}}},"categories":[26],"tags":[],"jetpack_publicize_connections":[],"jetpack_sharing_enabled":true,"jetpack_featured_media_url":"https:\/\/fuencactiva.org\/wp-content\/uploads\/2019\/10\/cartelJornadaReflexionProposicion27O19.jpg","_links":{"self":[{"href":"https:\/\/fuencactiva.org\/index.php?rest_route=\/wp\/v2\/posts\/2673"}],"collection":[{"href":"https:\/\/fuencactiva.org\/index.php?rest_route=\/wp\/v2\/posts"}],"about":[{"href":"https:\/\/fuencactiva.org\/index.php?rest_route=\/wp\/v2\/types\/post"}],"author":[{"embeddable":true,"href":"https:\/\/fuencactiva.org\/index.php?rest_route=\/wp\/v2\/users\/5"}],"replies":[{"embeddable":true,"href":"https:\/\/fuencactiva.org\/index.php?rest_route=%2Fwp%2Fv2%2Fcomments&post=2673"}],"version-history":[{"count":6,"href":"https:\/\/fuencactiva.org\/index.php?rest_route=\/wp\/v2\/posts\/2673\/revisions"}],"predecessor-version":[{"id":3129,"href":"https:\/\/fuencactiva.org\/index.php?rest_route=\/wp\/v2\/posts\/2673\/revisions\/3129"}],"wp:featuredmedia":[{"embeddable":true,"href":"https:\/\/fuencactiva.org\/index.php?rest_route=\/wp\/v2\/media\/3131"}],"wp:attachment":[{"href":"https:\/\/fuencactiva.org\/index.php?rest_route=%2Fwp%2Fv2%2Fmedia&parent=2673"}],"wp:term":[{"taxonomy":"category","embeddable":true,"href":"https:\/\/fuencactiva.org\/index.php?rest_route=%2Fwp%2Fv2%2Fcategories&post=2673"},{"taxonomy":"post_tag","embeddable":true,"href":"https:\/\/fuencactiva.org\/index.php?rest_route=%2Fwp%2Fv2%2Ftags&post=2673"}],"curies":[{"name":"wp","href":"https:\/\/api.w.org\/{rel}","templated":true}]}}