{"id":2675,"date":"2019-09-28T12:05:07","date_gmt":"2019-09-28T10:05:07","guid":{"rendered":"http:\/\/fuencactiva.org\/?p=2675"},"modified":"2020-12-27T18:56:21","modified_gmt":"2020-12-27T17:56:21","slug":"la-importancia-de-la-accesibilidad","status":"publish","type":"post","link":"https:\/\/fuencactiva.org\/?p=2675","title":{"rendered":"Formaci\u00f3n para potenciar la iniciativa ciudadana"},"content":{"rendered":"\n<p class=\"has-medium-font-size\">Los pr\u00f3ximos s\u00e1bados 19 de octubre y 16 de noviembre, os invitamos a reflexionar con nosotras sobre diferentes aspectos relacionados con lo que se conoce como la participaci\u00f3n ciudadana.<\/p>\n\n\n\n<p class=\"has-medium-font-size\">Y lo haremos desde la experiencia cercana de los foros locales, tanto desde lo vivido en estos dos \u00faltimos a\u00f1os, como en lo que podr\u00edan ser los pr\u00f3ximos.<\/p>\n\n\n\n<p class=\"has-medium-font-size\">Pero, tambi\u00e9n, desde la mirada de la iniciativa ciudadana colectiva.<\/p>\n\n\n\n<h3 class=\"wp-block-heading\">Inscripci\u00f3n<\/h3>\n\n\n\n<p class=\"has-medium-font-size\">Las jornadas tendr\u00e1n lugar en el espacio autogestionado del centro comunitario Guatemala, y para participar tienes que <strong>inscribirte antes del 13 de octubre (tenemos plazas limitadas)<\/strong>. La inscripci\u00f3n puedes hacerla en el tf  <strong>654 129 663<\/strong>  o en el mail, <strong>avlaflor@avlaflor.org<\/strong>. Los datos que necesitamos son nombre completo, edad, ocupaci\u00f3n, si estas en alg\u00fan colectivo y\/o participas en alguna mesa del foro local,  tel\u00e9fono y correo electr\u00f3nico.<\/p>\n\n\n\n<h3 class=\"wp-block-heading\">Pr\u00e1cticas<\/h3>\n\n\n\n<p class=\"has-medium-font-size\">Durante los meses de noviembre y diciembre, aplicaremos lo aprendido. En la sesi\u00f3n del s\u00e1bado 26 de octubre formaremos grupos y dise\u00f1aremos el trabajo a realizar, siempre en funci\u00f3n de las disponibilidades de las personas que lo vais a formar.<\/p>\n\n\n\n<h3 class=\"wp-block-heading\">Programa<\/h3>\n\n\n\n<p class=\"has-medium-font-size\"><strong>Algo de historia sobre lo que hemos hecho en el distrito<\/strong>. De los consejos territoriales a los foros locales. Para qu\u00e9 y c\u00f3mo queremos el foro local. Qu\u00e9 tiene que ver el derecho a la ciudad inclusiva con el foro local.<\/p>\n\n\n\n<p class=\"has-medium-font-size\"><strong>Qu\u00e9 herramientas tenemos para mejorar nuestra intervenci\u00f3n en el foro local o en cualquier otro espacio participativo<\/strong>. Metodolog\u00edas para la participaci\u00f3n y el trabajo comunitario. C\u00f3mo mejorar el trabajo en equipo. El plan de comunicaci\u00f3n.<\/p>\n\n\n\n<p class=\"has-medium-font-size\"><strong>C\u00f3mo desarrollar un trabajo colectivo comunitario desde la iniciativa ciudadana<\/strong>. Los grupos motores. Conocer la realidad de nuestro entorno. Deliberaci\u00f3n y propuestas. Constituci\u00f3n de grupos para el trabajo pr\u00e1ctico.<\/p>\n\n\n\n<h3 class=\"wp-block-heading\">Certificado<\/h3>\n\n\n\n<p class=\"has-medium-font-size\">La Asociaci\u00f3n Vecinal La Flor daremos un certificado a todas las personas que hag\u00e1is esta formaci\u00f3n.<\/p>\n","protected":false},"excerpt":{"rendered":"<p>Los pr\u00f3ximos s\u00e1bados 19 de octubre y 16 de noviembre, os invitamos a reflexionar con nosotras sobre diferentes aspectos relacionados con lo que se conoce como la participaci\u00f3n ciudadana. Y lo haremos desde la experiencia cercana de los foros locales, tanto desde lo vivido en estos dos \u00faltimos a\u00f1os, como en lo que podr\u00edan ser [&hellip;]<\/p>\n","protected":false},"author":5,"featured_media":3118,"comment_status":"closed","ping_status":"closed","sticky":false,"template":"","format":"standard","meta":{"jetpack_publicize_message":"","jetpack_is_tweetstorm":false,"jetpack_publicize_feature_enabled":true,"jetpack_social_post_already_shared":false,"jetpack_social_options":{"image_generator_settings":{"template":"highway","enabled":false}}},"categories":[26],"tags":[],"jetpack_publicize_connections":[],"jetpack_sharing_enabled":true,"jetpack_featured_media_url":"https:\/\/fuencactiva.org\/wp-content\/uploads\/2019\/08\/Cartel2Jornadas-FormativasOctubre19.jpg","_links":{"self":[{"href":"https:\/\/fuencactiva.org\/index.php?rest_route=\/wp\/v2\/posts\/2675"}],"collection":[{"href":"https:\/\/fuencactiva.org\/index.php?rest_route=\/wp\/v2\/posts"}],"about":[{"href":"https:\/\/fuencactiva.org\/index.php?rest_route=\/wp\/v2\/types\/post"}],"author":[{"embeddable":true,"href":"https:\/\/fuencactiva.org\/index.php?rest_route=\/wp\/v2\/users\/5"}],"replies":[{"embeddable":true,"href":"https:\/\/fuencactiva.org\/index.php?rest_route=%2Fwp%2Fv2%2Fcomments&post=2675"}],"version-history":[{"count":10,"href":"https:\/\/fuencactiva.org\/index.php?rest_route=\/wp\/v2\/posts\/2675\/revisions"}],"predecessor-version":[{"id":3114,"href":"https:\/\/fuencactiva.org\/index.php?rest_route=\/wp\/v2\/posts\/2675\/revisions\/3114"}],"wp:featuredmedia":[{"embeddable":true,"href":"https:\/\/fuencactiva.org\/index.php?rest_route=\/wp\/v2\/media\/3118"}],"wp:attachment":[{"href":"https:\/\/fuencactiva.org\/index.php?rest_route=%2Fwp%2Fv2%2Fmedia&parent=2675"}],"wp:term":[{"taxonomy":"category","embeddable":true,"href":"https:\/\/fuencactiva.org\/index.php?rest_route=%2Fwp%2Fv2%2Fcategories&post=2675"},{"taxonomy":"post_tag","embeddable":true,"href":"https:\/\/fuencactiva.org\/index.php?rest_route=%2Fwp%2Fv2%2Ftags&post=2675"}],"curies":[{"name":"wp","href":"https:\/\/api.w.org\/{rel}","templated":true}]}}