{"id":3138,"date":"2019-11-05T17:48:02","date_gmt":"2019-11-05T16:48:02","guid":{"rendered":"http:\/\/fuencactiva.org\/?p=3138"},"modified":"2020-12-27T18:56:44","modified_gmt":"2020-12-27T17:56:44","slug":"comunicado-sobre-mejoras-en-los-foros-locales","status":"publish","type":"post","link":"https:\/\/fuencactiva.org\/?p=3138","title":{"rendered":"Comunicado sobre mejoras en los foros locales"},"content":{"rendered":"\n<p class=\"has-medium-font-size\">Las vicepresidencias (en funciones) de los @ForosLocales   saludamos la escucha de @SilviaSaavedraI a las vecinas y vecinos de los barrios en @DecideMadrid y aportamos algunas de las propuestas que hemos hecho llegar al \u00c1rea Delegada de Coordinaci\u00f3n Territorial, Transparencia y Participaci\u00f3n Ciudadana en las reuniones que hemos tenido en septiembre y octubre, relacionadas con las preguntas de dicha consulta. <\/p>\n\n\n\n<p class=\"has-medium-font-size\">Aqu\u00ed puedes leer o descargar el <a rel=\"noreferrer noopener\" aria-label=\"documento. (abre en una nueva pesta\u00f1a)\" href=\"http:\/\/fuencactiva.org\/wp-content\/uploads\/2019\/11\/ComunicadoMejorasFFLLConsultaNov19-1.pdf\" target=\"_blank\"><strong>documento<\/strong>.<\/a><\/p>\n\n\n\n<p><\/p>\n","protected":false},"excerpt":{"rendered":"<p>Las vicepresidencias (en funciones) de los @ForosLocales saludamos la escucha de @SilviaSaavedraI a las vecinas y vecinos de los barrios en @DecideMadrid y aportamos algunas de las propuestas que hemos hecho llegar al \u00c1rea Delegada de Coordinaci\u00f3n Territorial, Transparencia y Participaci\u00f3n Ciudadana en las reuniones que hemos tenido en septiembre y octubre, relacionadas con las [&hellip;]<\/p>\n","protected":false},"author":5,"featured_media":3140,"comment_status":"closed","ping_status":"closed","sticky":false,"template":"","format":"standard","meta":{"jetpack_publicize_message":"","jetpack_is_tweetstorm":false,"jetpack_publicize_feature_enabled":true,"jetpack_social_post_already_shared":false,"jetpack_social_options":{"image_generator_settings":{"template":"highway","enabled":false}}},"categories":[26],"tags":[],"jetpack_publicize_connections":[],"jetpack_sharing_enabled":true,"jetpack_featured_media_url":"https:\/\/fuencactiva.org\/wp-content\/uploads\/2019\/11\/ComunicadoMejorasFFLLConsultaNov19_P\u00e1gina_1.jpg","_links":{"self":[{"href":"https:\/\/fuencactiva.org\/index.php?rest_route=\/wp\/v2\/posts\/3138"}],"collection":[{"href":"https:\/\/fuencactiva.org\/index.php?rest_route=\/wp\/v2\/posts"}],"about":[{"href":"https:\/\/fuencactiva.org\/index.php?rest_route=\/wp\/v2\/types\/post"}],"author":[{"embeddable":true,"href":"https:\/\/fuencactiva.org\/index.php?rest_route=\/wp\/v2\/users\/5"}],"replies":[{"embeddable":true,"href":"https:\/\/fuencactiva.org\/index.php?rest_route=%2Fwp%2Fv2%2Fcomments&post=3138"}],"version-history":[{"count":1,"href":"https:\/\/fuencactiva.org\/index.php?rest_route=\/wp\/v2\/posts\/3138\/revisions"}],"predecessor-version":[{"id":3142,"href":"https:\/\/fuencactiva.org\/index.php?rest_route=\/wp\/v2\/posts\/3138\/revisions\/3142"}],"wp:featuredmedia":[{"embeddable":true,"href":"https:\/\/fuencactiva.org\/index.php?rest_route=\/wp\/v2\/media\/3140"}],"wp:attachment":[{"href":"https:\/\/fuencactiva.org\/index.php?rest_route=%2Fwp%2Fv2%2Fmedia&parent=3138"}],"wp:term":[{"taxonomy":"category","embeddable":true,"href":"https:\/\/fuencactiva.org\/index.php?rest_route=%2Fwp%2Fv2%2Fcategories&post=3138"},{"taxonomy":"post_tag","embeddable":true,"href":"https:\/\/fuencactiva.org\/index.php?rest_route=%2Fwp%2Fv2%2Ftags&post=3138"}],"curies":[{"name":"wp","href":"https:\/\/api.w.org\/{rel}","templated":true}]}}