{"id":3144,"date":"2019-11-22T12:19:14","date_gmt":"2019-11-22T11:19:14","guid":{"rendered":"http:\/\/fuencactiva.org\/?p=3144"},"modified":"2020-12-27T18:57:14","modified_gmt":"2020-12-27T17:57:14","slug":"semana-contra-las-violencias-machistas","status":"publish","type":"post","link":"https:\/\/fuencactiva.org\/?p=3144","title":{"rendered":"Semana contra las violencias machistas"},"content":{"rendered":"\n<p class=\"has-medium-font-size\">En noviembre, como todos los a\u00f1os, queremos visibilizar las violencias machistas que en diferentes \u00e1mbitos de nuestra sociedad y en nuestro d\u00eda a d\u00eda, seguimos sufriendo las mujeres.<\/p>\n\n\n\n<p class=\"has-medium-font-size\">Este a\u00f1o, diferentes organizaciones del distrito, hemos organizado debates, juegos de sensibilizaci\u00f3n, revistas caminadas y, c\u00f3mo no, animamos a participar en las dos manifestaciones convocadas.<\/p>\n\n\n\n<figure class=\"wp-block-image is-resized\"><img data-attachment-id=\"3145\" data-permalink=\"https:\/\/fuencactiva.org\/?attachment_id=3145\" data-orig-file=\"https:\/\/fuencactiva.org\/wp-content\/uploads\/2019\/11\/CartelSemanaViolenciasMachistasNov19.jpg\" data-orig-size=\"226,320\" data-comments-opened=\"1\" data-image-meta=\"{&quot;aperture&quot;:&quot;0&quot;,&quot;credit&quot;:&quot;&quot;,&quot;camera&quot;:&quot;&quot;,&quot;caption&quot;:&quot;&quot;,&quot;created_timestamp&quot;:&quot;0&quot;,&quot;copyright&quot;:&quot;&quot;,&quot;focal_length&quot;:&quot;0&quot;,&quot;iso&quot;:&quot;0&quot;,&quot;shutter_speed&quot;:&quot;0&quot;,&quot;title&quot;:&quot;&quot;,&quot;orientation&quot;:&quot;0&quot;}\" data-image-title=\"CartelSemanaViolenciasMachistasNov19\" data-image-description=\"\" data-image-caption=\"\" data-medium-file=\"https:\/\/fuencactiva.org\/wp-content\/uploads\/2019\/11\/CartelSemanaViolenciasMachistasNov19-212x300.jpg\" data-large-file=\"https:\/\/fuencactiva.org\/wp-content\/uploads\/2019\/11\/CartelSemanaViolenciasMachistasNov19.jpg\" decoding=\"async\" loading=\"lazy\" src=\"http:\/\/fuencactiva.org\/wp-content\/uploads\/2019\/11\/CartelSemanaViolenciasMachistasNov19.jpg\" alt=\"\" class=\"wp-image-3145\" width=\"226\" height=\"320\" srcset=\"https:\/\/fuencactiva.org\/wp-content\/uploads\/2019\/11\/CartelSemanaViolenciasMachistasNov19.jpg 226w, https:\/\/fuencactiva.org\/wp-content\/uploads\/2019\/11\/CartelSemanaViolenciasMachistasNov19-212x300.jpg 212w\" sizes=\"(max-width: 226px) 100vw, 226px\" \/><\/figure>\n\n\n\n<figure class=\"wp-block-image is-resized\"><img data-attachment-id=\"3146\" data-permalink=\"https:\/\/fuencactiva.org\/?attachment_id=3146\" data-orig-file=\"https:\/\/fuencactiva.org\/wp-content\/uploads\/2019\/11\/22N.jpg\" data-orig-size=\"904,499\" data-comments-opened=\"1\" data-image-meta=\"{&quot;aperture&quot;:&quot;0&quot;,&quot;credit&quot;:&quot;&quot;,&quot;camera&quot;:&quot;&quot;,&quot;caption&quot;:&quot;&quot;,&quot;created_timestamp&quot;:&quot;0&quot;,&quot;copyright&quot;:&quot;&quot;,&quot;focal_length&quot;:&quot;0&quot;,&quot;iso&quot;:&quot;0&quot;,&quot;shutter_speed&quot;:&quot;0&quot;,&quot;title&quot;:&quot;&quot;,&quot;orientation&quot;:&quot;0&quot;}\" data-image-title=\"22N\" data-image-description=\"\" data-image-caption=\"\" data-medium-file=\"https:\/\/fuencactiva.org\/wp-content\/uploads\/2019\/11\/22N-300x166.jpg\" data-large-file=\"https:\/\/fuencactiva.org\/wp-content\/uploads\/2019\/11\/22N.jpg\" decoding=\"async\" loading=\"lazy\" src=\"http:\/\/fuencactiva.org\/wp-content\/uploads\/2019\/11\/22N.jpg\" alt=\"\" class=\"wp-image-3146\" width=\"452\" height=\"250\" srcset=\"https:\/\/fuencactiva.org\/wp-content\/uploads\/2019\/11\/22N.jpg 904w, https:\/\/fuencactiva.org\/wp-content\/uploads\/2019\/11\/22N-300x166.jpg 300w, https:\/\/fuencactiva.org\/wp-content\/uploads\/2019\/11\/22N-768x424.jpg 768w, https:\/\/fuencactiva.org\/wp-content\/uploads\/2019\/11\/22N-600x331.jpg 600w\" sizes=\"(max-width: 452px) 100vw, 452px\" \/><\/figure>\n\n\n\n<figure class=\"wp-block-image is-resized\"><img data-attachment-id=\"3147\" data-permalink=\"https:\/\/fuencactiva.org\/?attachment_id=3147\" data-orig-file=\"https:\/\/fuencactiva.org\/wp-content\/uploads\/2019\/11\/pasacalles24n.jpg\" data-orig-size=\"595,842\" data-comments-opened=\"1\" data-image-meta=\"{&quot;aperture&quot;:&quot;0&quot;,&quot;credit&quot;:&quot;&quot;,&quot;camera&quot;:&quot;&quot;,&quot;caption&quot;:&quot;&quot;,&quot;created_timestamp&quot;:&quot;0&quot;,&quot;copyright&quot;:&quot;&quot;,&quot;focal_length&quot;:&quot;0&quot;,&quot;iso&quot;:&quot;0&quot;,&quot;shutter_speed&quot;:&quot;0&quot;,&quot;title&quot;:&quot;&quot;,&quot;orientation&quot;:&quot;0&quot;}\" data-image-title=\"pasacalles24n\" data-image-description=\"\" data-image-caption=\"\" data-medium-file=\"https:\/\/fuencactiva.org\/wp-content\/uploads\/2019\/11\/pasacalles24n-212x300.jpg\" data-large-file=\"https:\/\/fuencactiva.org\/wp-content\/uploads\/2019\/11\/pasacalles24n.jpg\" decoding=\"async\" loading=\"lazy\" src=\"http:\/\/fuencactiva.org\/wp-content\/uploads\/2019\/11\/pasacalles24n.jpg\" alt=\"\" class=\"wp-image-3147\" width=\"298\" height=\"421\" srcset=\"https:\/\/fuencactiva.org\/wp-content\/uploads\/2019\/11\/pasacalles24n.jpg 595w, https:\/\/fuencactiva.org\/wp-content\/uploads\/2019\/11\/pasacalles24n-212x300.jpg 212w\" sizes=\"(max-width: 298px) 100vw, 298px\" \/><\/figure>\n\n\n\n<figure class=\"wp-block-image is-resized\"><img data-attachment-id=\"3148\" data-permalink=\"https:\/\/fuencactiva.org\/?attachment_id=3148\" data-orig-file=\"https:\/\/fuencactiva.org\/wp-content\/uploads\/2019\/11\/25N.jpg\" data-orig-size=\"595,842\" data-comments-opened=\"1\" data-image-meta=\"{&quot;aperture&quot;:&quot;0&quot;,&quot;credit&quot;:&quot;&quot;,&quot;camera&quot;:&quot;&quot;,&quot;caption&quot;:&quot;&quot;,&quot;created_timestamp&quot;:&quot;0&quot;,&quot;copyright&quot;:&quot;&quot;,&quot;focal_length&quot;:&quot;0&quot;,&quot;iso&quot;:&quot;0&quot;,&quot;shutter_speed&quot;:&quot;0&quot;,&quot;title&quot;:&quot;&quot;,&quot;orientation&quot;:&quot;0&quot;}\" data-image-title=\"25N\" data-image-description=\"\" data-image-caption=\"\" data-medium-file=\"https:\/\/fuencactiva.org\/wp-content\/uploads\/2019\/11\/25N-212x300.jpg\" data-large-file=\"https:\/\/fuencactiva.org\/wp-content\/uploads\/2019\/11\/25N.jpg\" decoding=\"async\" loading=\"lazy\" src=\"http:\/\/fuencactiva.org\/wp-content\/uploads\/2019\/11\/25N.jpg\" alt=\"\" class=\"wp-image-3148\" width=\"298\" height=\"421\" srcset=\"https:\/\/fuencactiva.org\/wp-content\/uploads\/2019\/11\/25N.jpg 595w, https:\/\/fuencactiva.org\/wp-content\/uploads\/2019\/11\/25N-212x300.jpg 212w\" sizes=\"(max-width: 298px) 100vw, 298px\" \/><\/figure>\n","protected":false},"excerpt":{"rendered":"<p>En noviembre, como todos los a\u00f1os, queremos visibilizar las violencias machistas que en diferentes \u00e1mbitos de nuestra sociedad y en nuestro d\u00eda a d\u00eda, seguimos sufriendo las mujeres. Este a\u00f1o, diferentes organizaciones del distrito, hemos organizado debates, juegos de sensibilizaci\u00f3n, revistas caminadas y, c\u00f3mo no, animamos a participar en las dos manifestaciones convocadas.<\/p>\n","protected":false},"author":5,"featured_media":3154,"comment_status":"closed","ping_status":"closed","sticky":false,"template":"","format":"standard","meta":{"jetpack_publicize_message":"","jetpack_is_tweetstorm":false,"jetpack_publicize_feature_enabled":true,"jetpack_social_post_already_shared":false,"jetpack_social_options":{"image_generator_settings":{"template":"highway","enabled":false}}},"categories":[26],"tags":[],"jetpack_publicize_connections":[],"jetpack_sharing_enabled":true,"jetpack_featured_media_url":"https:\/\/fuencactiva.org\/wp-content\/uploads\/2019\/11\/cartelWebSemana.jpg","_links":{"self":[{"href":"https:\/\/fuencactiva.org\/index.php?rest_route=\/wp\/v2\/posts\/3144"}],"collection":[{"href":"https:\/\/fuencactiva.org\/index.php?rest_route=\/wp\/v2\/posts"}],"about":[{"href":"https:\/\/fuencactiva.org\/index.php?rest_route=\/wp\/v2\/types\/post"}],"author":[{"embeddable":true,"href":"https:\/\/fuencactiva.org\/index.php?rest_route=\/wp\/v2\/users\/5"}],"replies":[{"embeddable":true,"href":"https:\/\/fuencactiva.org\/index.php?rest_route=%2Fwp%2Fv2%2Fcomments&post=3144"}],"version-history":[{"count":1,"href":"https:\/\/fuencactiva.org\/index.php?rest_route=\/wp\/v2\/posts\/3144\/revisions"}],"predecessor-version":[{"id":3150,"href":"https:\/\/fuencactiva.org\/index.php?rest_route=\/wp\/v2\/posts\/3144\/revisions\/3150"}],"wp:featuredmedia":[{"embeddable":true,"href":"https:\/\/fuencactiva.org\/index.php?rest_route=\/wp\/v2\/media\/3154"}],"wp:attachment":[{"href":"https:\/\/fuencactiva.org\/index.php?rest_route=%2Fwp%2Fv2%2Fmedia&parent=3144"}],"wp:term":[{"taxonomy":"category","embeddable":true,"href":"https:\/\/fuencactiva.org\/index.php?rest_route=%2Fwp%2Fv2%2Fcategories&post=3144"},{"taxonomy":"post_tag","embeddable":true,"href":"https:\/\/fuencactiva.org\/index.php?rest_route=%2Fwp%2Fv2%2Ftags&post=3144"}],"curies":[{"name":"wp","href":"https:\/\/api.w.org\/{rel}","templated":true}]}}