{"id":3151,"date":"2019-11-30T12:29:00","date_gmt":"2019-11-30T11:29:00","guid":{"rendered":"http:\/\/fuencactiva.org\/?p=3151"},"modified":"2020-12-27T18:57:50","modified_gmt":"2020-12-27T17:57:50","slug":"nueva-sesion-formativa-sabado-30-de-noviembre","status":"publish","type":"post","link":"https:\/\/fuencactiva.org\/?p=3151","title":{"rendered":"Nueva sesi\u00f3n formativa s\u00e1bado 14 de diciembre"},"content":{"rendered":"\n<p class=\"has-medium-font-size\">En diciembre finalizamos las sesiones formativas presenciales del a\u00f1o. Si no has podido asistir a alguna de las anteriores pero te interesa la cuesti\u00f3n, an\u00edmate que te ponemos al d\u00eda. <\/p>\n\n\n\n<p class=\"has-medium-font-size\">A partir de aqu\u00ed seguiremos el espacio formativo desde las pr\u00e1cticas que cada cual est\u00e9 realizando y\/o con el inicio de alguna otra que consideremos de inter\u00e9s.<\/p>\n\n\n\n<p class=\"has-medium-font-size\">Las sesiones tienen lugar entre las 10.30 y las 14 horas en el Espacio Autogestionado Vecinal, en el Centro Comunitario Guatemala.<\/p>\n\n\n\n<p class=\"has-medium-font-size\">Posteriormente, publicaremos los documentos utilizados en estas sesiones para que puedan servir a todas. <\/p>\n","protected":false},"excerpt":{"rendered":"<p>En diciembre finalizamos las sesiones formativas presenciales del a\u00f1o. Si no has podido asistir a alguna de las anteriores pero te interesa la cuesti\u00f3n, an\u00edmate que te ponemos al d\u00eda. A partir de aqu\u00ed seguiremos el espacio formativo desde las pr\u00e1cticas que cada cual est\u00e9 realizando y\/o con el inicio de alguna otra que consideremos [&hellip;]<\/p>\n","protected":false},"author":5,"featured_media":0,"comment_status":"closed","ping_status":"closed","sticky":false,"template":"","format":"standard","meta":{"jetpack_publicize_message":"","jetpack_is_tweetstorm":false,"jetpack_publicize_feature_enabled":true,"jetpack_social_post_already_shared":false,"jetpack_social_options":{"image_generator_settings":{"template":"highway","enabled":false}}},"categories":[26],"tags":[],"jetpack_publicize_connections":[],"jetpack_sharing_enabled":true,"jetpack_featured_media_url":"","_links":{"self":[{"href":"https:\/\/fuencactiva.org\/index.php?rest_route=\/wp\/v2\/posts\/3151"}],"collection":[{"href":"https:\/\/fuencactiva.org\/index.php?rest_route=\/wp\/v2\/posts"}],"about":[{"href":"https:\/\/fuencactiva.org\/index.php?rest_route=\/wp\/v2\/types\/post"}],"author":[{"embeddable":true,"href":"https:\/\/fuencactiva.org\/index.php?rest_route=\/wp\/v2\/users\/5"}],"replies":[{"embeddable":true,"href":"https:\/\/fuencactiva.org\/index.php?rest_route=%2Fwp%2Fv2%2Fcomments&post=3151"}],"version-history":[{"count":2,"href":"https:\/\/fuencactiva.org\/index.php?rest_route=\/wp\/v2\/posts\/3151\/revisions"}],"predecessor-version":[{"id":3190,"href":"https:\/\/fuencactiva.org\/index.php?rest_route=\/wp\/v2\/posts\/3151\/revisions\/3190"}],"wp:attachment":[{"href":"https:\/\/fuencactiva.org\/index.php?rest_route=%2Fwp%2Fv2%2Fmedia&parent=3151"}],"wp:term":[{"taxonomy":"category","embeddable":true,"href":"https:\/\/fuencactiva.org\/index.php?rest_route=%2Fwp%2Fv2%2Fcategories&post=3151"},{"taxonomy":"post_tag","embeddable":true,"href":"https:\/\/fuencactiva.org\/index.php?rest_route=%2Fwp%2Fv2%2Ftags&post=3151"}],"curies":[{"name":"wp","href":"https:\/\/api.w.org\/{rel}","templated":true}]}}