{"id":3172,"date":"2019-11-24T20:34:58","date_gmt":"2019-11-24T19:34:58","guid":{"rendered":"http:\/\/fuencactiva.org\/?p=3172"},"modified":"2020-12-27T18:57:35","modified_gmt":"2020-12-27T17:57:35","slug":"pleno-extraordinario-sobre-el-presupuesto-de-la-junta","status":"publish","type":"post","link":"https:\/\/fuencactiva.org\/?p=3172","title":{"rendered":"Pleno Extraordinario sobre el Presupuesto de la Junta"},"content":{"rendered":"\n<p class=\"has-medium-font-size\">Tras la constituci\u00f3n del Pleno del distrito, el pr\u00f3ximo martes 26 de noviembre, se celebrar\u00e1 la <strong>sesi\u00f3n extraordinaria para informar del Proyecto de Presupuesto del distrito<\/strong>.<\/p>\n\n\n\n<p class=\"has-medium-font-size\">Dado que a\u00fan no se ha constituido el nuevo Foro Local, debido a los dilatados plazos que algunos grupos pol\u00edticos han utilizado para disponer del listado definitivo de las vocal\u00edas vecinales, el \u00c1rea de Coordinaci\u00f3n Territorial, Transparencia y Participaci\u00f3n Ciudadana, no ha considerado oportuno que las vicepresidencias en funciones realicen ninguna intervenci\u00f3n en el mismo, como es habitual desde la existencia de los Foros Locales. <\/p>\n\n\n\n<p class=\"has-medium-font-size\">Esperamos que, como ya se ven\u00eda haciendo, las sesiones de los plenos, que son p\u00fablicas, se transmitan tambi\u00e9n en <strong>streaming<\/strong>, facilitando su seguimiento a quienes no puedan hacerlo de forma presencial.<\/p>\n","protected":false},"excerpt":{"rendered":"<p>Tras la constituci\u00f3n del Pleno del distrito, el pr\u00f3ximo martes 26 de noviembre, se celebrar\u00e1 la sesi\u00f3n extraordinaria para informar del Proyecto de Presupuesto del distrito. Dado que a\u00fan no se ha constituido el nuevo Foro Local, debido a los dilatados plazos que algunos grupos pol\u00edticos han utilizado para disponer del listado definitivo de las [&hellip;]<\/p>\n","protected":false},"author":5,"featured_media":0,"comment_status":"closed","ping_status":"closed","sticky":false,"template":"","format":"standard","meta":{"jetpack_publicize_message":"","jetpack_is_tweetstorm":false,"jetpack_publicize_feature_enabled":true,"jetpack_social_post_already_shared":false,"jetpack_social_options":{"image_generator_settings":{"template":"highway","enabled":false}}},"categories":[26],"tags":[],"jetpack_publicize_connections":[],"jetpack_sharing_enabled":true,"jetpack_featured_media_url":"","_links":{"self":[{"href":"https:\/\/fuencactiva.org\/index.php?rest_route=\/wp\/v2\/posts\/3172"}],"collection":[{"href":"https:\/\/fuencactiva.org\/index.php?rest_route=\/wp\/v2\/posts"}],"about":[{"href":"https:\/\/fuencactiva.org\/index.php?rest_route=\/wp\/v2\/types\/post"}],"author":[{"embeddable":true,"href":"https:\/\/fuencactiva.org\/index.php?rest_route=\/wp\/v2\/users\/5"}],"replies":[{"embeddable":true,"href":"https:\/\/fuencactiva.org\/index.php?rest_route=%2Fwp%2Fv2%2Fcomments&post=3172"}],"version-history":[{"count":1,"href":"https:\/\/fuencactiva.org\/index.php?rest_route=\/wp\/v2\/posts\/3172\/revisions"}],"predecessor-version":[{"id":3173,"href":"https:\/\/fuencactiva.org\/index.php?rest_route=\/wp\/v2\/posts\/3172\/revisions\/3173"}],"wp:attachment":[{"href":"https:\/\/fuencactiva.org\/index.php?rest_route=%2Fwp%2Fv2%2Fmedia&parent=3172"}],"wp:term":[{"taxonomy":"category","embeddable":true,"href":"https:\/\/fuencactiva.org\/index.php?rest_route=%2Fwp%2Fv2%2Fcategories&post=3172"},{"taxonomy":"post_tag","embeddable":true,"href":"https:\/\/fuencactiva.org\/index.php?rest_route=%2Fwp%2Fv2%2Ftags&post=3172"}],"curies":[{"name":"wp","href":"https:\/\/api.w.org\/{rel}","templated":true}]}}