{"id":3181,"date":"2019-11-25T10:50:00","date_gmt":"2019-11-25T09:50:00","guid":{"rendered":"http:\/\/fuencactiva.org\/?p=3181"},"modified":"2020-12-27T18:57:43","modified_gmt":"2020-12-27T17:57:43","slug":"hablamos-de-accesibilidad-y-de-enfermedades-raras","status":"publish","type":"post","link":"https:\/\/fuencactiva.org\/?p=3181","title":{"rendered":"Hablamos de accesibilidad y de enfermedades raras"},"content":{"rendered":"\n<p class=\"has-medium-font-size\">El pr\u00f3ximo martes 3 de diciembre es el d\u00eda internacional de las personas con diversidades funcionales, y con ese motivo, las mesas de Diversidad Funcional y Exclusi\u00f3n, y de Igualdad y Lgtbi, del Foro local de Fuencarral El Pardo, organizan una charla-debate sobre LA ACCESIBILIDAD AL ENTORNO Y LA COMUNICACI\u00d3N COMO DERECHO UNIVERSAL.<\/p>\n\n\n\n<p class=\"has-medium-font-size\">El mi\u00e9rcoles 4 de diciembre, y en el mismo marco de visibilizar aquellas cuestiones que no suelen estar en la primera p\u00e1gina de los medios, pero que afecta a muchas personas en nuestras comunidades, las mesas de Salud y de Diversidad Funcional e Inclusi\u00f3n, nos invitan a conocer algo m\u00e1s eso que conocemos como ENFERMEDADES RARAS, c\u00f3mo se realiza su diagn\u00f3stico y c\u00f3mo influye en la inclusi\u00f3n y calidad de vida de las personas.<\/p>\n\n\n\n<p class=\"has-medium-font-size\">Ambas actividades se realizar\u00e1n en el Centro Comunitario Guatemala.<\/p>\n\n\n\n<figure class=\"wp-block-image size-large\"><img data-attachment-id=\"3183\" data-permalink=\"https:\/\/fuencactiva.org\/?attachment_id=3183\" data-orig-file=\"https:\/\/fuencactiva.org\/wp-content\/uploads\/2019\/11\/cartel-accesibilidad.jpg\" data-orig-size=\"1754,2480\" data-comments-opened=\"1\" data-image-meta=\"{&quot;aperture&quot;:&quot;0&quot;,&quot;credit&quot;:&quot;&quot;,&quot;camera&quot;:&quot;&quot;,&quot;caption&quot;:&quot;&quot;,&quot;created_timestamp&quot;:&quot;0&quot;,&quot;copyright&quot;:&quot;&quot;,&quot;focal_length&quot;:&quot;0&quot;,&quot;iso&quot;:&quot;0&quot;,&quot;shutter_speed&quot;:&quot;0&quot;,&quot;title&quot;:&quot;&quot;,&quot;orientation&quot;:&quot;1&quot;}\" data-image-title=\"cartel accesibilidad\" data-image-description=\"\" data-image-caption=\"\" data-medium-file=\"https:\/\/fuencactiva.org\/wp-content\/uploads\/2019\/11\/cartel-accesibilidad-212x300.jpg\" data-large-file=\"https:\/\/fuencactiva.org\/wp-content\/uploads\/2019\/11\/cartel-accesibilidad-724x1024.jpg\" decoding=\"async\" loading=\"lazy\" width=\"724\" height=\"1024\" src=\"http:\/\/fuencactiva.org\/wp-content\/uploads\/2019\/11\/cartel-accesibilidad-724x1024.jpg\" alt=\"\" class=\"wp-image-3183\" srcset=\"https:\/\/fuencactiva.org\/wp-content\/uploads\/2019\/11\/cartel-accesibilidad-724x1024.jpg 724w, https:\/\/fuencactiva.org\/wp-content\/uploads\/2019\/11\/cartel-accesibilidad-212x300.jpg 212w, https:\/\/fuencactiva.org\/wp-content\/uploads\/2019\/11\/cartel-accesibilidad-768x1086.jpg 768w, https:\/\/fuencactiva.org\/wp-content\/uploads\/2019\/11\/cartel-accesibilidad-1086x1536.jpg 1086w, https:\/\/fuencactiva.org\/wp-content\/uploads\/2019\/11\/cartel-accesibilidad-1448x2048.jpg 1448w, https:\/\/fuencactiva.org\/wp-content\/uploads\/2019\/11\/cartel-accesibilidad-600x848.jpg 600w, https:\/\/fuencactiva.org\/wp-content\/uploads\/2019\/11\/cartel-accesibilidad.jpg 1754w\" sizes=\"(max-width: 724px) 100vw, 724px\" \/><\/figure>\n\n\n\n<figure class=\"wp-block-image size-large\"><img data-attachment-id=\"3184\" data-permalink=\"https:\/\/fuencactiva.org\/?attachment_id=3184\" data-orig-file=\"https:\/\/fuencactiva.org\/wp-content\/uploads\/2019\/11\/charlaRaras.jpg\" data-orig-size=\"1954,1106\" data-comments-opened=\"1\" data-image-meta=\"{&quot;aperture&quot;:&quot;0&quot;,&quot;credit&quot;:&quot;&quot;,&quot;camera&quot;:&quot;&quot;,&quot;caption&quot;:&quot;&quot;,&quot;created_timestamp&quot;:&quot;0&quot;,&quot;copyright&quot;:&quot;&quot;,&quot;focal_length&quot;:&quot;0&quot;,&quot;iso&quot;:&quot;0&quot;,&quot;shutter_speed&quot;:&quot;0&quot;,&quot;title&quot;:&quot;&quot;,&quot;orientation&quot;:&quot;0&quot;}\" data-image-title=\"charlaRaras\" data-image-description=\"\" data-image-caption=\"\" data-medium-file=\"https:\/\/fuencactiva.org\/wp-content\/uploads\/2019\/11\/charlaRaras-300x170.jpg\" data-large-file=\"https:\/\/fuencactiva.org\/wp-content\/uploads\/2019\/11\/charlaRaras-1024x580.jpg\" decoding=\"async\" loading=\"lazy\" width=\"1024\" height=\"580\" src=\"http:\/\/fuencactiva.org\/wp-content\/uploads\/2019\/11\/charlaRaras-1024x580.jpg\" alt=\"\" class=\"wp-image-3184\" srcset=\"https:\/\/fuencactiva.org\/wp-content\/uploads\/2019\/11\/charlaRaras-1024x580.jpg 1024w, https:\/\/fuencactiva.org\/wp-content\/uploads\/2019\/11\/charlaRaras-300x170.jpg 300w, https:\/\/fuencactiva.org\/wp-content\/uploads\/2019\/11\/charlaRaras-768x435.jpg 768w, https:\/\/fuencactiva.org\/wp-content\/uploads\/2019\/11\/charlaRaras-1536x869.jpg 1536w, https:\/\/fuencactiva.org\/wp-content\/uploads\/2019\/11\/charlaRaras-600x340.jpg 600w, https:\/\/fuencactiva.org\/wp-content\/uploads\/2019\/11\/charlaRaras.jpg 1954w\" sizes=\"(max-width: 1024px) 100vw, 1024px\" \/><\/figure>\n","protected":false},"excerpt":{"rendered":"<p>El pr\u00f3ximo martes 3 de diciembre es el d\u00eda internacional de las personas con diversidades funcionales, y con ese motivo, las mesas de Diversidad Funcional y Exclusi\u00f3n, y de Igualdad y Lgtbi, del Foro local de Fuencarral El Pardo, organizan una charla-debate sobre LA ACCESIBILIDAD AL ENTORNO Y LA COMUNICACI\u00d3N COMO DERECHO UNIVERSAL. El mi\u00e9rcoles [&hellip;]<\/p>\n","protected":false},"author":5,"featured_media":3183,"comment_status":"closed","ping_status":"closed","sticky":false,"template":"","format":"standard","meta":{"jetpack_publicize_message":"","jetpack_is_tweetstorm":false,"jetpack_publicize_feature_enabled":true,"jetpack_social_post_already_shared":false,"jetpack_social_options":{"image_generator_settings":{"template":"highway","enabled":false}}},"categories":[26],"tags":[],"jetpack_publicize_connections":[],"jetpack_sharing_enabled":true,"jetpack_featured_media_url":"https:\/\/fuencactiva.org\/wp-content\/uploads\/2019\/11\/cartel-accesibilidad.jpg","_links":{"self":[{"href":"https:\/\/fuencactiva.org\/index.php?rest_route=\/wp\/v2\/posts\/3181"}],"collection":[{"href":"https:\/\/fuencactiva.org\/index.php?rest_route=\/wp\/v2\/posts"}],"about":[{"href":"https:\/\/fuencactiva.org\/index.php?rest_route=\/wp\/v2\/types\/post"}],"author":[{"embeddable":true,"href":"https:\/\/fuencactiva.org\/index.php?rest_route=\/wp\/v2\/users\/5"}],"replies":[{"embeddable":true,"href":"https:\/\/fuencactiva.org\/index.php?rest_route=%2Fwp%2Fv2%2Fcomments&post=3181"}],"version-history":[{"count":1,"href":"https:\/\/fuencactiva.org\/index.php?rest_route=\/wp\/v2\/posts\/3181\/revisions"}],"predecessor-version":[{"id":3185,"href":"https:\/\/fuencactiva.org\/index.php?rest_route=\/wp\/v2\/posts\/3181\/revisions\/3185"}],"wp:featuredmedia":[{"embeddable":true,"href":"https:\/\/fuencactiva.org\/index.php?rest_route=\/wp\/v2\/media\/3183"}],"wp:attachment":[{"href":"https:\/\/fuencactiva.org\/index.php?rest_route=%2Fwp%2Fv2%2Fmedia&parent=3181"}],"wp:term":[{"taxonomy":"category","embeddable":true,"href":"https:\/\/fuencactiva.org\/index.php?rest_route=%2Fwp%2Fv2%2Fcategories&post=3181"},{"taxonomy":"post_tag","embeddable":true,"href":"https:\/\/fuencactiva.org\/index.php?rest_route=%2Fwp%2Fv2%2Ftags&post=3181"}],"curies":[{"name":"wp","href":"https:\/\/api.w.org\/{rel}","templated":true}]}}