{"id":3341,"date":"2020-01-26T17:04:34","date_gmt":"2020-01-26T16:04:34","guid":{"rendered":"http:\/\/fuencactiva.org\/?p=3341"},"modified":"2020-12-27T18:58:24","modified_gmt":"2020-12-27T17:58:24","slug":"precariedad-en-el-trabajo","status":"publish","type":"post","link":"https:\/\/fuencactiva.org\/?p=3341","title":{"rendered":"Precariedad en el trabajo"},"content":{"rendered":"\n<p class=\"has-medium-font-size\">El pr\u00f3ximo <strong>jueves 30 de enero, a las 18.30 horas<\/strong> nos vemos en la <strong>Mesa Redonda sobre el Trabajo Precario<\/strong>.  Ser\u00e1 en el Centro Comunitario Guatemala, en la calle Celanova 2. Metros Pe\u00f1agrande y Antonio Machado. Bus 42, 49, 126 y 128. <\/p>\n\n\n\n<p class=\"has-medium-font-size\">Esta mesa redonda, al igual que las acciones en la semaa de la cumbre social &#8211; cop25 del pasado mes de diciembre, la organizamos desde la asamblea del foro, en la que venimos trabajando desde septiembre pasado. <\/p>\n\n\n\n<p class=\"has-medium-font-size\"><img data-attachment-id=\"3342\" data-permalink=\"https:\/\/fuencactiva.org\/?attachment_id=3342\" data-orig-file=\"https:\/\/fuencactiva.org\/wp-content\/uploads\/2020\/01\/TrabajoPrecario.jpg\" data-orig-size=\"1131,1600\" data-comments-opened=\"1\" data-image-meta=\"{&quot;aperture&quot;:&quot;0&quot;,&quot;credit&quot;:&quot;&quot;,&quot;camera&quot;:&quot;&quot;,&quot;caption&quot;:&quot;&quot;,&quot;created_timestamp&quot;:&quot;0&quot;,&quot;copyright&quot;:&quot;&quot;,&quot;focal_length&quot;:&quot;0&quot;,&quot;iso&quot;:&quot;0&quot;,&quot;shutter_speed&quot;:&quot;0&quot;,&quot;title&quot;:&quot;&quot;,&quot;orientation&quot;:&quot;0&quot;}\" data-image-title=\"TrabajoPrecario\" data-image-description=\"\" data-image-caption=\"\" data-medium-file=\"https:\/\/fuencactiva.org\/wp-content\/uploads\/2020\/01\/TrabajoPrecario-212x300.jpg\" data-large-file=\"https:\/\/fuencactiva.org\/wp-content\/uploads\/2020\/01\/TrabajoPrecario-724x1024.jpg\" decoding=\"async\" loading=\"lazy\" width=\"1131\" height=\"1600\" class=\"wp-image-3342\" style=\"width: 300px;\" src=\"http:\/\/fuencactiva.org\/wp-content\/uploads\/2020\/01\/TrabajoPrecario.jpg\" alt=\"\" srcset=\"https:\/\/fuencactiva.org\/wp-content\/uploads\/2020\/01\/TrabajoPrecario.jpg 1131w, https:\/\/fuencactiva.org\/wp-content\/uploads\/2020\/01\/TrabajoPrecario-212x300.jpg 212w, https:\/\/fuencactiva.org\/wp-content\/uploads\/2020\/01\/TrabajoPrecario-724x1024.jpg 724w, https:\/\/fuencactiva.org\/wp-content\/uploads\/2020\/01\/TrabajoPrecario-768x1086.jpg 768w, https:\/\/fuencactiva.org\/wp-content\/uploads\/2020\/01\/TrabajoPrecario-1086x1536.jpg 1086w, https:\/\/fuencactiva.org\/wp-content\/uploads\/2020\/01\/TrabajoPrecario-600x849.jpg 600w\" sizes=\"(max-width: 1131px) 100vw, 1131px\" \/><\/p>\n","protected":false},"excerpt":{"rendered":"<p>El pr\u00f3ximo jueves 30 de enero, a las 18.30 horas nos vemos en la Mesa Redonda sobre el Trabajo Precario. Ser\u00e1 en el Centro Comunitario Guatemala, en la calle Celanova 2. Metros Pe\u00f1agrande y Antonio Machado. Bus 42, 49, 126 y 128. Esta mesa redonda, al igual que las acciones en la semaa de la [&hellip;]<\/p>\n","protected":false},"author":5,"featured_media":0,"comment_status":"closed","ping_status":"open","sticky":false,"template":"","format":"standard","meta":{"jetpack_publicize_message":"","jetpack_is_tweetstorm":false,"jetpack_publicize_feature_enabled":true,"jetpack_social_post_already_shared":false,"jetpack_social_options":{"image_generator_settings":{"template":"highway","enabled":false}}},"categories":[26],"tags":[],"jetpack_publicize_connections":[],"jetpack_sharing_enabled":true,"jetpack_featured_media_url":"","_links":{"self":[{"href":"https:\/\/fuencactiva.org\/index.php?rest_route=\/wp\/v2\/posts\/3341"}],"collection":[{"href":"https:\/\/fuencactiva.org\/index.php?rest_route=\/wp\/v2\/posts"}],"about":[{"href":"https:\/\/fuencactiva.org\/index.php?rest_route=\/wp\/v2\/types\/post"}],"author":[{"embeddable":true,"href":"https:\/\/fuencactiva.org\/index.php?rest_route=\/wp\/v2\/users\/5"}],"replies":[{"embeddable":true,"href":"https:\/\/fuencactiva.org\/index.php?rest_route=%2Fwp%2Fv2%2Fcomments&post=3341"}],"version-history":[{"count":3,"href":"https:\/\/fuencactiva.org\/index.php?rest_route=\/wp\/v2\/posts\/3341\/revisions"}],"predecessor-version":[{"id":3385,"href":"https:\/\/fuencactiva.org\/index.php?rest_route=\/wp\/v2\/posts\/3341\/revisions\/3385"}],"wp:attachment":[{"href":"https:\/\/fuencactiva.org\/index.php?rest_route=%2Fwp%2Fv2%2Fmedia&parent=3341"}],"wp:term":[{"taxonomy":"category","embeddable":true,"href":"https:\/\/fuencactiva.org\/index.php?rest_route=%2Fwp%2Fv2%2Fcategories&post=3341"},{"taxonomy":"post_tag","embeddable":true,"href":"https:\/\/fuencactiva.org\/index.php?rest_route=%2Fwp%2Fv2%2Ftags&post=3341"}],"curies":[{"name":"wp","href":"https:\/\/api.w.org\/{rel}","templated":true}]}}