{"id":3377,"date":"2020-02-07T19:51:00","date_gmt":"2020-02-07T18:51:00","guid":{"rendered":"http:\/\/fuencactiva.org\/?p=3377"},"modified":"2020-12-27T18:58:54","modified_gmt":"2020-12-27T17:58:54","slug":"nueva-convocatoria-del-plenario-del-foro-local","status":"publish","type":"post","link":"https:\/\/fuencactiva.org\/?p=3377","title":{"rendered":"Nueva convocatoria del plenario del foro local"},"content":{"rendered":"\n<p class=\"has-medium-font-size\">Como sab\u00e9is, debido a la coincidencia con el pleno del Ayuntamiento de Madrid, <strong><a href=\"http:\/\/fuencactiva.org\/wp-content\/uploads\/2020\/02\/NOTIFICACION-decreto-desconvocatoria.pdf\" target=\"_blank\" rel=\"noreferrer noopener\" aria-label=\"la constituci\u00f3n del foro local prevista inicialmente para el martes 28 de enero fue suspendida (se abre en una nueva pesta\u00f1a)\">la constituci\u00f3n del foro local prevista inicialmente para el martes 28 de enero fue suspendida<\/a><\/strong>, convoc\u00e1ndose nuevamente para el <strong><a href=\"http:\/\/fuencactiva.org\/wp-content\/uploads\/2020\/02\/DECRETO-CONV-FORO-LOCAL-4-DE-MARZO.pdf\" target=\"_blank\" rel=\"noreferrer noopener\" aria-label=\"mi\u00e9rcoles 4 de marzo (se abre en una nueva pesta\u00f1a)\">mi\u00e9rcoles 4 de marzo<\/a><\/strong>.<\/p>\n\n\n\n<p class=\"has-medium-font-size\">El plenario se llevar\u00e1 a cabo en el mismo lugar que ya hab\u00edamos rechazado por dificultades de acceso en transporte p\u00fablico, pero el concejal, a pesar de tener tiempo y posibilidades para esta nueva convocatoria, no ha querido tenerlo en cuenta.<\/p>\n\n\n\n<p class=\"has-medium-font-size\">La Asociaci\u00f3n Vecinal La Flor ha solicitado intervenir en el pr\u00f3ximo pleno del distrito, el martes 18 de febrero, para  explicar las consecuencias de la medida.<\/p>\n","protected":false},"excerpt":{"rendered":"<p>Como sab\u00e9is, debido a la coincidencia con el pleno del Ayuntamiento de Madrid, la constituci\u00f3n del foro local prevista inicialmente para el martes 28 de enero fue suspendida, convoc\u00e1ndose nuevamente para el mi\u00e9rcoles 4 de marzo. El plenario se llevar\u00e1 a cabo en el mismo lugar que ya hab\u00edamos rechazado por dificultades de acceso en [&hellip;]<\/p>\n","protected":false},"author":5,"featured_media":0,"comment_status":"closed","ping_status":"open","sticky":false,"template":"","format":"standard","meta":{"jetpack_publicize_message":"","jetpack_is_tweetstorm":false,"jetpack_publicize_feature_enabled":true,"jetpack_social_post_already_shared":false,"jetpack_social_options":{"image_generator_settings":{"template":"highway","enabled":false}}},"categories":[26],"tags":[],"jetpack_publicize_connections":[],"jetpack_sharing_enabled":true,"jetpack_featured_media_url":"","_links":{"self":[{"href":"https:\/\/fuencactiva.org\/index.php?rest_route=\/wp\/v2\/posts\/3377"}],"collection":[{"href":"https:\/\/fuencactiva.org\/index.php?rest_route=\/wp\/v2\/posts"}],"about":[{"href":"https:\/\/fuencactiva.org\/index.php?rest_route=\/wp\/v2\/types\/post"}],"author":[{"embeddable":true,"href":"https:\/\/fuencactiva.org\/index.php?rest_route=\/wp\/v2\/users\/5"}],"replies":[{"embeddable":true,"href":"https:\/\/fuencactiva.org\/index.php?rest_route=%2Fwp%2Fv2%2Fcomments&post=3377"}],"version-history":[{"count":1,"href":"https:\/\/fuencactiva.org\/index.php?rest_route=\/wp\/v2\/posts\/3377\/revisions"}],"predecessor-version":[{"id":3380,"href":"https:\/\/fuencactiva.org\/index.php?rest_route=\/wp\/v2\/posts\/3377\/revisions\/3380"}],"wp:attachment":[{"href":"https:\/\/fuencactiva.org\/index.php?rest_route=%2Fwp%2Fv2%2Fmedia&parent=3377"}],"wp:term":[{"taxonomy":"category","embeddable":true,"href":"https:\/\/fuencactiva.org\/index.php?rest_route=%2Fwp%2Fv2%2Fcategories&post=3377"},{"taxonomy":"post_tag","embeddable":true,"href":"https:\/\/fuencactiva.org\/index.php?rest_route=%2Fwp%2Fv2%2Ftags&post=3377"}],"curies":[{"name":"wp","href":"https:\/\/api.w.org\/{rel}","templated":true}]}}