{"id":3419,"date":"2020-03-06T09:41:00","date_gmt":"2020-03-06T08:41:00","guid":{"rendered":"http:\/\/fuencactiva.org\/?p=3419"},"modified":"2020-12-27T18:59:15","modified_gmt":"2020-12-27T17:59:15","slug":"constituimos-el-foro-local-del-distrito-por-fin","status":"publish","type":"post","link":"https:\/\/fuencactiva.org\/?p=3419","title":{"rendered":"Constituimos el Foro local del Distrito&#8230; por fin!"},"content":{"rendered":"\n<p class=\"has-medium-font-size\">Este mi\u00e9rcoles 4 de marzo hemos constituido el Foro Local del distrito de Fuencarral El Pardo, el \u00faltimo que quedaba por constituir, como ya sab\u00e9is.<\/p>\n\n\n\n<p class=\"has-medium-font-size\">En la sesi\u00f3n se han elegido las vicepresidencias y suplencias, as\u00ed como las mesas que van a funcionar, junto con las personas que provisionalmente van a coordinarlas, hasta que en la primera reuni\u00f3n de cada mesa se confirmen o elijan otras.<\/p>\n\n\n\n<p class=\"has-medium-font-size\">La vicepresidencia va a estar a cargo de Pepa Alcrudo y como suplente Carmen Espinar.<\/p>\n\n\n\n<p class=\"has-medium-font-size\">Las mesas  son las siguientes, y algunas disponen del contenido enlazado, para que puedas ver el objetivo de cada una. Como puedes ver, hay algunas que se duplican, pero la idea es que cuando se re\u00fanan y concreten objetivos, se puedan aclarar, ya sea uniendo algunas o cambiando nombres. <\/p>\n\n\n\n<p class=\"has-medium-font-size\">Barrios<\/p>\n\n\n\n<p class=\"has-medium-font-size\">Barrios Sostenibles<\/p>\n\n\n\n<p class=\"has-medium-font-size\">Bienestar animal<\/p>\n\n\n\n<p class=\"has-medium-font-size\">Cultura y Educaci\u00f3n<\/p>\n\n\n\n<p class=\"has-medium-font-size\">Cultura, Turismo y Deporte<\/p>\n\n\n\n<p class=\"has-medium-font-size\">Diagn\u00f3stico Social como Derecho Pol\u00edtico<\/p>\n\n\n\n<p class=\"has-medium-font-size\">Diversidad-Discapacidad e Inclusi\u00f3n<\/p>\n\n\n\n<p class=\"has-medium-font-size\">Igualdad<\/p>\n\n\n\n<p class=\"has-medium-font-size\">Mayores<\/p>\n\n\n\n<p class=\"has-medium-font-size\">Movilidad, Transporte y Medio Ambiente<\/p>\n\n\n\n<p class=\"has-medium-font-size\">Salud Comunitaria<\/p>\n\n\n\n<p class=\"has-medium-font-size\">Participaci\u00f3n<\/p>\n","protected":false},"excerpt":{"rendered":"<p>Este mi\u00e9rcoles 4 de marzo hemos constituido el Foro Local del distrito de Fuencarral El Pardo, el \u00faltimo que quedaba por constituir, como ya sab\u00e9is. En la sesi\u00f3n se han elegido las vicepresidencias y suplencias, as\u00ed como las mesas que van a funcionar, junto con las personas que provisionalmente van a coordinarlas, hasta que en [&hellip;]<\/p>\n","protected":false},"author":5,"featured_media":0,"comment_status":"closed","ping_status":"open","sticky":false,"template":"","format":"standard","meta":{"jetpack_publicize_message":"","jetpack_is_tweetstorm":false,"jetpack_publicize_feature_enabled":true,"jetpack_social_post_already_shared":false,"jetpack_social_options":{"image_generator_settings":{"template":"highway","enabled":false}}},"categories":[26],"tags":[],"jetpack_publicize_connections":[],"jetpack_sharing_enabled":true,"jetpack_featured_media_url":"","_links":{"self":[{"href":"https:\/\/fuencactiva.org\/index.php?rest_route=\/wp\/v2\/posts\/3419"}],"collection":[{"href":"https:\/\/fuencactiva.org\/index.php?rest_route=\/wp\/v2\/posts"}],"about":[{"href":"https:\/\/fuencactiva.org\/index.php?rest_route=\/wp\/v2\/types\/post"}],"author":[{"embeddable":true,"href":"https:\/\/fuencactiva.org\/index.php?rest_route=\/wp\/v2\/users\/5"}],"replies":[{"embeddable":true,"href":"https:\/\/fuencactiva.org\/index.php?rest_route=%2Fwp%2Fv2%2Fcomments&post=3419"}],"version-history":[{"count":2,"href":"https:\/\/fuencactiva.org\/index.php?rest_route=\/wp\/v2\/posts\/3419\/revisions"}],"predecessor-version":[{"id":3482,"href":"https:\/\/fuencactiva.org\/index.php?rest_route=\/wp\/v2\/posts\/3419\/revisions\/3482"}],"wp:attachment":[{"href":"https:\/\/fuencactiva.org\/index.php?rest_route=%2Fwp%2Fv2%2Fmedia&parent=3419"}],"wp:term":[{"taxonomy":"category","embeddable":true,"href":"https:\/\/fuencactiva.org\/index.php?rest_route=%2Fwp%2Fv2%2Fcategories&post=3419"},{"taxonomy":"post_tag","embeddable":true,"href":"https:\/\/fuencactiva.org\/index.php?rest_route=%2Fwp%2Fv2%2Ftags&post=3419"}],"curies":[{"name":"wp","href":"https:\/\/api.w.org\/{rel}","templated":true}]}}