{"id":3421,"date":"2020-03-17T09:59:00","date_gmt":"2020-03-17T08:59:00","guid":{"rendered":"http:\/\/fuencactiva.org\/?p=3421"},"modified":"2020-12-27T18:59:24","modified_gmt":"2020-12-27T17:59:24","slug":"se-suspenden-los-foros-locales","status":"publish","type":"post","link":"https:\/\/fuencactiva.org\/?p=3421","title":{"rendered":"Se suspenden los foros locales"},"content":{"rendered":"\n<p class=\"has-medium-font-size\">El pasado 10 de marzo, con motivo de las primeras medidas tomadas en relaci\u00f3n a la crisis sanitaria del covid-19, el \u00c1rea de Coordinaci\u00f3n Territorial, Transparencia y Participaci\u00f3n Ciudadana emiti\u00f3 un <strong><a href=\"http:\/\/fuencactiva.org\/wp-content\/uploads\/2020\/03\/Decreto-suspensi\u00f3n-funcionamiento-de-las-juntas-municipales-de-Distrito.pdf\" target=\"_blank\" rel=\"noreferrer noopener\" aria-label=\"decreto suspendiendo las sesiones de las Juntas Municipales de Distrito y las sesiones de los Foros Locales (se abre en una nueva pesta\u00f1a)\">decreto suspendiendo las sesiones de las Juntas Municipales de Distrito y las sesiones de los Foros Locales<\/a><\/strong>, reuniones de Comisiones Permanentes y de las mesas y grupos de trabajo, durante todo el mes de marzo, ampliable seg\u00fan posteriores acuerdos posibles.<\/p>\n","protected":false},"excerpt":{"rendered":"<p>El pasado 10 de marzo, con motivo de las primeras medidas tomadas en relaci\u00f3n a la crisis sanitaria del covid-19, el \u00c1rea de Coordinaci\u00f3n Territorial, Transparencia y Participaci\u00f3n Ciudadana emiti\u00f3 un decreto suspendiendo las sesiones de las Juntas Municipales de Distrito y las sesiones de los Foros Locales, reuniones de Comisiones Permanentes y de las [&hellip;]<\/p>\n","protected":false},"author":5,"featured_media":0,"comment_status":"closed","ping_status":"open","sticky":false,"template":"","format":"standard","meta":{"jetpack_publicize_message":"","jetpack_is_tweetstorm":false,"jetpack_publicize_feature_enabled":true,"jetpack_social_post_already_shared":false,"jetpack_social_options":{"image_generator_settings":{"template":"highway","enabled":false}}},"categories":[26],"tags":[],"jetpack_publicize_connections":[],"jetpack_sharing_enabled":true,"jetpack_featured_media_url":"","_links":{"self":[{"href":"https:\/\/fuencactiva.org\/index.php?rest_route=\/wp\/v2\/posts\/3421"}],"collection":[{"href":"https:\/\/fuencactiva.org\/index.php?rest_route=\/wp\/v2\/posts"}],"about":[{"href":"https:\/\/fuencactiva.org\/index.php?rest_route=\/wp\/v2\/types\/post"}],"author":[{"embeddable":true,"href":"https:\/\/fuencactiva.org\/index.php?rest_route=\/wp\/v2\/users\/5"}],"replies":[{"embeddable":true,"href":"https:\/\/fuencactiva.org\/index.php?rest_route=%2Fwp%2Fv2%2Fcomments&post=3421"}],"version-history":[{"count":3,"href":"https:\/\/fuencactiva.org\/index.php?rest_route=\/wp\/v2\/posts\/3421\/revisions"}],"predecessor-version":[{"id":3492,"href":"https:\/\/fuencactiva.org\/index.php?rest_route=\/wp\/v2\/posts\/3421\/revisions\/3492"}],"wp:attachment":[{"href":"https:\/\/fuencactiva.org\/index.php?rest_route=%2Fwp%2Fv2%2Fmedia&parent=3421"}],"wp:term":[{"taxonomy":"category","embeddable":true,"href":"https:\/\/fuencactiva.org\/index.php?rest_route=%2Fwp%2Fv2%2Fcategories&post=3421"},{"taxonomy":"post_tag","embeddable":true,"href":"https:\/\/fuencactiva.org\/index.php?rest_route=%2Fwp%2Fv2%2Ftags&post=3421"}],"curies":[{"name":"wp","href":"https:\/\/api.w.org\/{rel}","templated":true}]}}