{"id":3468,"date":"2020-05-31T13:39:00","date_gmt":"2020-05-31T11:39:00","guid":{"rendered":"http:\/\/fuencactiva.org\/?p=3468"},"modified":"2020-12-27T19:00:31","modified_gmt":"2020-12-27T18:00:31","slug":"impacto-de-la-crisis-en-las-mujeres","status":"publish","type":"post","link":"https:\/\/fuencactiva.org\/?p=3468","title":{"rendered":"Impacto de la crisis en las mujeres"},"content":{"rendered":"\n<p class=\"has-medium-font-size\">Que esta crisis est\u00e1 impactando de forma diferente a las mujeres que a los hombres no se le escapa a nadie, a pesar de que el \u00ab<strong><a href=\"https:\/\/diario.madrid.es\/wp-content\/uploads\/2020\/05\/Informe-Encuesta-Impacto-Confinamiento-Ciudad-de-Madrid.pdf\" target=\"_blank\" rel=\"noreferrer noopener\" aria-label=\"Estudio sobre el impacto de la situaci\u00f3n de confinamiento en la poblaci\u00f3n de la ciudad de Madrid, tras la declaraci\u00f3n del estado de alarma por la pandemia covid19 (se abre en una nueva pesta\u00f1a)\">Estudio sobre el impacto de la situaci\u00f3n de confinamiento en la poblaci\u00f3n de la ciudad de Madrid, tras la declaraci\u00f3n del estado de alarma por la pandemia covid19<\/a><\/strong>\u00ab, elaborado por el Ayuntamiento, no lo considere.<\/p>\n\n\n\n<p class=\"has-medium-font-size\">Casi en el mismo tiempo, hemos conocido otro estudio, este del Real Instituto Elcano, elaborado por Maria Solanas, Directora de Programas, que con el nombre de \u00ab<strong><a rel=\"noreferrer noopener\" aria-label=\"La crisis del COVID-19 y sus impactos en la igualdad de g\u00e9nero (se abre en una nueva pesta\u00f1a)\" href=\"http:\/\/www.realinstitutoelcano.org\/wps\/wcm\/connect\/2a36336f-585a-4540-acd8-7610444b88f2\/ARI33-2020-Solanas-crisis-del-COVID-19-y-sus-impactos-en-igualdad-de-genero.pdf?MOD=AJPERES&amp;CACHEID=2a36336f-585a-4540-acd8-7610444b88f2\" target=\"_blank\">La crisis del COVID-19 y sus impactos en la igualdad de g\u00e9nero<\/a><\/strong>\u00ab, nos dice que los \u00abimpactos de g\u00e9nero est\u00e1n siendo ignorados en la respuesta a la crisis del COVID-19, lo que tendr\u00e1 consecuencias econ\u00f3micas y sociales, y agravar\u00e1 las desigualdades preexistentes.\u00bb<\/p>\n\n\n\n<p class=\"has-medium-font-size\"> En este contexto, la Mesa de Igualdad del Foro Local, ha instado al concejal del distrito a la realizaci\u00f3n de un diagn\u00f3stico del impacto de esta crisis en las mujeres del distrito. Teniendo en cuenta que el 83% de las familias monoparentales con hijxs menores de 16 a\u00f1os, en la ciudad de Madrid, y un 79% en Fuencarral El Pardo, est\u00e1n encabezadas por mujeres, resultar\u00eda de importancia conocer su alcance en el distrito.<\/p>\n","protected":false},"excerpt":{"rendered":"<p>Que esta crisis est\u00e1 impactando de forma diferente a las mujeres que a los hombres no se le escapa a nadie, a pesar de que el \u00abEstudio sobre el impacto de la situaci\u00f3n de confinamiento en la poblaci\u00f3n de la ciudad de Madrid, tras la declaraci\u00f3n del estado de alarma por la pandemia covid19\u00ab, elaborado [&hellip;]<\/p>\n","protected":false},"author":5,"featured_media":0,"comment_status":"closed","ping_status":"open","sticky":false,"template":"","format":"standard","meta":{"jetpack_publicize_message":"","jetpack_is_tweetstorm":false,"jetpack_publicize_feature_enabled":true,"jetpack_social_post_already_shared":false,"jetpack_social_options":{"image_generator_settings":{"template":"highway","enabled":false}}},"categories":[26],"tags":[],"jetpack_publicize_connections":[],"jetpack_sharing_enabled":true,"jetpack_featured_media_url":"","_links":{"self":[{"href":"https:\/\/fuencactiva.org\/index.php?rest_route=\/wp\/v2\/posts\/3468"}],"collection":[{"href":"https:\/\/fuencactiva.org\/index.php?rest_route=\/wp\/v2\/posts"}],"about":[{"href":"https:\/\/fuencactiva.org\/index.php?rest_route=\/wp\/v2\/types\/post"}],"author":[{"embeddable":true,"href":"https:\/\/fuencactiva.org\/index.php?rest_route=\/wp\/v2\/users\/5"}],"replies":[{"embeddable":true,"href":"https:\/\/fuencactiva.org\/index.php?rest_route=%2Fwp%2Fv2%2Fcomments&post=3468"}],"version-history":[{"count":1,"href":"https:\/\/fuencactiva.org\/index.php?rest_route=\/wp\/v2\/posts\/3468\/revisions"}],"predecessor-version":[{"id":3469,"href":"https:\/\/fuencactiva.org\/index.php?rest_route=\/wp\/v2\/posts\/3468\/revisions\/3469"}],"wp:attachment":[{"href":"https:\/\/fuencactiva.org\/index.php?rest_route=%2Fwp%2Fv2%2Fmedia&parent=3468"}],"wp:term":[{"taxonomy":"category","embeddable":true,"href":"https:\/\/fuencactiva.org\/index.php?rest_route=%2Fwp%2Fv2%2Fcategories&post=3468"},{"taxonomy":"post_tag","embeddable":true,"href":"https:\/\/fuencactiva.org\/index.php?rest_route=%2Fwp%2Fv2%2Ftags&post=3468"}],"curies":[{"name":"wp","href":"https:\/\/api.w.org\/{rel}","templated":true}]}}