{"id":3564,"date":"2020-07-09T18:19:33","date_gmt":"2020-07-09T16:19:33","guid":{"rendered":"http:\/\/fuencactiva.org\/?p=3564"},"modified":"2020-12-27T19:03:05","modified_gmt":"2020-12-27T18:03:05","slug":"sin-respuesta-ante-la-emergencia-social-en-del-distrito","status":"publish","type":"post","link":"https:\/\/fuencactiva.org\/?p=3564","title":{"rendered":"Sin respuesta ante la emergencia social en del distrito"},"content":{"rendered":"\n<p class=\"has-medium-font-size\">El pasado 15 de abril la Mesa de Participaci\u00f3n le hac\u00eda llegar al concejal una <strong><a href=\"http:\/\/fuencactiva.org\/wp-admin\/post.php?post=3460&amp;action=edit\" target=\"_blank\" rel=\"noreferrer noopener\">carta solicitando informaci\u00f3n presupuestaria relacionada con la emergencia social<\/a><\/strong>. Sin haber obtenido respuesta alguna en este tiempo, la Cs Permanente aprob\u00f3 en su reuni\u00f3n de julio realizar una pregunta al final del pr\u00f3ximo pleno, con el objetivo de \u00abobligar\u00bb al concejal a responder.<\/p>\n\n\n\n<p class=\"has-medium-font-size\">Disponer de dicha informaci\u00f3n es crucial para la labor de la Mesa de Participaci\u00f3n y de todas las mesas del Foro Local.<\/p>\n","protected":false},"excerpt":{"rendered":"<p>El pasado 15 de abril la Mesa de Participaci\u00f3n le hac\u00eda llegar al concejal una carta solicitando informaci\u00f3n presupuestaria relacionada con la emergencia social. Sin haber obtenido respuesta alguna en este tiempo, la Cs Permanente aprob\u00f3 en su reuni\u00f3n de julio realizar una pregunta al final del pr\u00f3ximo pleno, con el objetivo de \u00abobligar\u00bb al [&hellip;]<\/p>\n","protected":false},"author":5,"featured_media":0,"comment_status":"closed","ping_status":"open","sticky":false,"template":"","format":"standard","meta":{"jetpack_publicize_message":"","jetpack_is_tweetstorm":false,"jetpack_publicize_feature_enabled":true,"jetpack_social_post_already_shared":true,"jetpack_social_options":{"image_generator_settings":{"template":"highway","enabled":false}}},"categories":[26],"tags":[],"jetpack_publicize_connections":[],"jetpack_sharing_enabled":true,"jetpack_featured_media_url":"","_links":{"self":[{"href":"https:\/\/fuencactiva.org\/index.php?rest_route=\/wp\/v2\/posts\/3564"}],"collection":[{"href":"https:\/\/fuencactiva.org\/index.php?rest_route=\/wp\/v2\/posts"}],"about":[{"href":"https:\/\/fuencactiva.org\/index.php?rest_route=\/wp\/v2\/types\/post"}],"author":[{"embeddable":true,"href":"https:\/\/fuencactiva.org\/index.php?rest_route=\/wp\/v2\/users\/5"}],"replies":[{"embeddable":true,"href":"https:\/\/fuencactiva.org\/index.php?rest_route=%2Fwp%2Fv2%2Fcomments&post=3564"}],"version-history":[{"count":1,"href":"https:\/\/fuencactiva.org\/index.php?rest_route=\/wp\/v2\/posts\/3564\/revisions"}],"predecessor-version":[{"id":3565,"href":"https:\/\/fuencactiva.org\/index.php?rest_route=\/wp\/v2\/posts\/3564\/revisions\/3565"}],"wp:attachment":[{"href":"https:\/\/fuencactiva.org\/index.php?rest_route=%2Fwp%2Fv2%2Fmedia&parent=3564"}],"wp:term":[{"taxonomy":"category","embeddable":true,"href":"https:\/\/fuencactiva.org\/index.php?rest_route=%2Fwp%2Fv2%2Fcategories&post=3564"},{"taxonomy":"post_tag","embeddable":true,"href":"https:\/\/fuencactiva.org\/index.php?rest_route=%2Fwp%2Fv2%2Ftags&post=3564"}],"curies":[{"name":"wp","href":"https:\/\/api.w.org\/{rel}","templated":true}]}}