{"id":653,"date":"2019-08-30T12:11:57","date_gmt":"2019-08-30T10:11:57","guid":{"rendered":"http:\/\/fuencactiva.org\/?p=653"},"modified":"2020-12-29T13:25:43","modified_gmt":"2020-12-29T12:25:43","slug":"presentamos-propuestas-colectivas","status":"publish","type":"post","link":"https:\/\/fuencactiva.org\/?p=653","title":{"rendered":"Qu\u00e9 es Fuencactiva"},"content":{"rendered":"\n<p class=\"has-medium-font-size\">Esta web-gu\u00eda, tiene sus antecedentes en ediciones anteriores, publicadas en papel por la asociaci\u00f3n vecinal La Flor, la primera de ellas en el a\u00f1o 2006, la segunda en el a\u00f1o 2008 y la tercera en el 2011, a las que sigui\u00f3 la primera edici\u00f3n digital en el 2016.<\/p>\n\n\n\n<p class=\"has-medium-font-size\">Siguiendo el estilo, <strong>esta nueva web sit\u00faa y contextualiza, desde la perspectiva vecinal y ciudadana<\/strong>, aquellos servicios, espacios de participaci\u00f3n institucional, iniciativas ciudadanas, redes en las que nos movemos en nuestros barrios y en la ciudad, que pueden ayudarnos a conocer y entender esto de la participaci\u00f3n-implicaci\u00f3n activa en la resoluci\u00f3n de nuestros problemas, de forma m\u00e1s cercana y asequible.<\/p>\n\n\n\n<p class=\"has-medium-font-size\"><strong>El acceso a la informaci\u00f3n es una de las cuestiones b\u00e1sicas para cualquier acci\u00f3n colectiva<\/strong>, y nos facilita salir del individualismo social en el que nos movemos, trabajando esa nueva mirada com\u00fan, integradora, comunitaria, glocal, que nos ayude a re-conocer<\/p>\n\n\n\n<p class=\"has-medium-font-size\">.  que ni los problemas que tenemos en el d\u00eda a d\u00eda son individuales, sectoriales, ni locales, y esto hay que entenderlo a la hora de buscar las soluciones, <\/p>\n\n\n\n<p class=\"has-medium-font-size\"> .  que, aunque tengamos instituciones que trabajen a nuestro favor, nunca podemos dejar que otrxs tomen decisiones sobre nuestras vidas, <\/p>\n\n\n\n<p class=\"has-medium-font-size\">.  que el poder de cambiar las cosas reside en nosotras mismas cuando actuamos en com\u00fan <\/p>\n\n\n\n<p class=\"has-medium-font-size\"> .  que las cosas no tienen por qu\u00e9 ser como son si no nos gustan, y las cosas que no nos gustan podemos cambiarlas si nos ponemos de acuerdo para ello. <\/p>\n\n\n\n<p class=\"has-medium-font-size\">Creemos que esta herramienta contin\u00faa siendo importante para todas las personas, colectivos y entidades que habitamos en el distrito y, por ello, adem\u00e1s, estamos realizando un esfuerzo por combinar la agilidad y est\u00e9tica de las p\u00e1ginas, con la accesibilidad visual y sencillez en su manejo. Dado el cambio de legislatura, adem\u00e1s, estaremos actualiz\u00e1ndola estos meses.<\/p>\n","protected":false},"excerpt":{"rendered":"<p>Esta web-gu\u00eda, tiene sus antecedentes en ediciones anteriores, publicadas en papel por la asociaci\u00f3n vecinal La Flor, la primera de ellas en el a\u00f1o 2006, la segunda en el a\u00f1o 2008 y la tercera en el 2011, a las que sigui\u00f3 la primera edici\u00f3n digital en el 2016. Siguiendo el estilo, esta nueva web sit\u00faa [&hellip;]<\/p>\n","protected":false},"author":5,"featured_media":0,"comment_status":"closed","ping_status":"closed","sticky":false,"template":"","format":"standard","meta":{"jetpack_publicize_message":"","jetpack_is_tweetstorm":false,"jetpack_publicize_feature_enabled":true,"jetpack_social_post_already_shared":false,"jetpack_social_options":{"image_generator_settings":{"template":"highway","enabled":false}}},"categories":[1],"tags":[],"jetpack_publicize_connections":[],"jetpack_sharing_enabled":true,"jetpack_featured_media_url":"","_links":{"self":[{"href":"https:\/\/fuencactiva.org\/index.php?rest_route=\/wp\/v2\/posts\/653"}],"collection":[{"href":"https:\/\/fuencactiva.org\/index.php?rest_route=\/wp\/v2\/posts"}],"about":[{"href":"https:\/\/fuencactiva.org\/index.php?rest_route=\/wp\/v2\/types\/post"}],"author":[{"embeddable":true,"href":"https:\/\/fuencactiva.org\/index.php?rest_route=\/wp\/v2\/users\/5"}],"replies":[{"embeddable":true,"href":"https:\/\/fuencactiva.org\/index.php?rest_route=%2Fwp%2Fv2%2Fcomments&post=653"}],"version-history":[{"count":6,"href":"https:\/\/fuencactiva.org\/index.php?rest_route=\/wp\/v2\/posts\/653\/revisions"}],"predecessor-version":[{"id":2982,"href":"https:\/\/fuencactiva.org\/index.php?rest_route=\/wp\/v2\/posts\/653\/revisions\/2982"}],"wp:attachment":[{"href":"https:\/\/fuencactiva.org\/index.php?rest_route=%2Fwp%2Fv2%2Fmedia&parent=653"}],"wp:term":[{"taxonomy":"category","embeddable":true,"href":"https:\/\/fuencactiva.org\/index.php?rest_route=%2Fwp%2Fv2%2Fcategories&post=653"},{"taxonomy":"post_tag","embeddable":true,"href":"https:\/\/fuencactiva.org\/index.php?rest_route=%2Fwp%2Fv2%2Ftags&post=653"}],"curies":[{"name":"wp","href":"https:\/\/api.w.org\/{rel}","templated":true}]}}